{"id":22804,"date":"2020-08-23T20:23:46","date_gmt":"2020-08-23T17:23:46","guid":{"rendered":"https:\/\/alzoukory.com\/?p=22804"},"modified":"2020-08-23T20:23:53","modified_gmt":"2020-08-23T17:23:53","slug":"%d8%aa%d8%b1%d8%ac%d9%85%d8%a9-%d9%85%d8%ae%d8%aa%d8%b5%d8%b1%d8%a9-%d9%84%d9%84%d8%b4%d9%8a%d8%ae-%d8%b9%d8%a8%d8%af%d8%a7%d9%84%d8%ad%d9%85%d9%8a%d8%af-%d8%a7%d9%84%d8%b2%d8%b9%d9%83%d8%b1%d9%8a","status":"publish","type":"post","link":"https:\/\/alzoukory.com\/?p=22804","title":{"rendered":"#\u062a\u0631\u062c\u0645\u0629 \u0645\u062e\u062a\u0635\u0631\u0629 \u0644\u0644\u0634\u064a\u062e \u0639\u0628\u062f\u0627\u0644\u062d\u0645\u064a\u062f \u0627\u0644\u0632\u0639\u0643\u0631\u064a \u062d\u0641\u0638\u0647 \u0627\u0644\u0644\u0647 \u0625\u0644\u0649 \u0627\u0644\u0644\u063a\u0629 #\u0627\u0644\u0623\u0645\u0627\u0632\u064a\u063a\u064a\u0629"},"content":{"rendered":"\n<p style=\"text-align: center;\"><span style=\"font-size: 18pt;\">Beknopte biografie van Shaykh \u02bfAbdul \u1e24am\u012bd al-\u1e24aj\u016briyy (\u062d\u0641\u0638\u0647 \u0627\u0644\u0644\u0647) \ud83c\uddfe\ud83c\uddea<\/span><\/p>\n<p style=\"text-align: center;\"><span style=\"font-size: 18pt;\">\u25fe\ufe0fZijn volledige naam<\/span><\/p>\n<p style=\"text-align: center;\"><span style=\"font-size: 18pt;\"><span style=\"color: #ff0000;\">Zijn naam is \u02bfAbdul \u1e24am\u012bd al-\u1e24aj\u016briyy az-<\/span>Zu\u02bfkuriyy bijnaam: Ab\u016b Mu\u1e25ammad.<\/span><\/p>\n<p style=\"text-align: center;\"><span style=\"font-size: 18pt;\">\u25fe\ufe0fZijn geboorte<\/span><\/p>\n<p style=\"text-align: center;\"><span style=\"font-size: 18pt;\">Hij is geboren in de plaats \u1e24aj\u016br, in het dorp az-Zu\u02bf\u0101kirah gelegen in de provincie \u1e24ajjah te Yemen. Hij is geboren in de maand rama\u1e0d\u0101n van het jaar 1392NH wat overeenkomt met oktober 1971NC.<\/span><\/p>\n<p style=\"text-align: center;\"><span style=\"font-size: 18pt;\">\u25fe\ufe0fZijn studie<\/span><\/p>\n<p style=\"text-align: center;\"><span style=\"font-size: 18pt;\">Hij begon zijn studie in de reguliere onderwijsinstellingen in zijn geboortedorp waarna hij zijn weg vervolgde en het regulier onderwijs afsloot met een Bachelor Aardrijkskunde en Chemie aan de Universiteit.<\/span><\/p>\n<p style=\"text-align: center;\"><span style=\"font-size: 18pt;\">Hij vertrok vervolgens op 27 jarige leeftijd naar het bekende kenniscentrum &#8216;D\u0101ru al-\u1e24ad\u012bth&#8217; in Damm\u0101j om islamitische kennis op te doen. Daar studeerde hij 2,5 jaar onder de grootgeleerde en oprichter Muqbil bin H\u0101diyy al-W\u0101di\u02bfiyy totdat de laatsgenoemde ziek werd. Zodoende vervolgde hij zijn studie onder de opvolger van Shaykh Muqbil bin H\u0101diyy al-W\u0101di\u02bfiyy namelijk onder Shaykh Ya\u1e25y\u0101 al-\u1e24aj\u016briyy en dit bleef zo doorgaan totdat het kenniscentrum in het jaar 1435NH \u2013 2014NC \u2013 werd bezet door militante sjiieten.<\/span><\/p>\n<p style=\"text-align: center;\"><span style=\"font-size: 18pt;\">In de jaren die volgden, verbleef hij grotendeels in Saudie Arabi\u00eb en studeerde daar onder verschillende geleerden waaronder de twee bekende grootgeleerden Shaykh \u1e62\u0101li\u1e25 al-Fawz\u0101n en Shaykh \u02bfAbdul Mu\u1e25sin al- \u02bfAbb\u0101d.<\/span><\/p>\n<p style=\"text-align: center;\"><span style=\"font-size: 18pt;\">\u25fe\ufe0fDe lofprijzingen van de geleerden<\/span><\/p>\n<p style=\"text-align: center;\"><span style=\"font-size: 18pt;\">Hij is geprezen door verschillende geleerden voor zijn inspanningen en inzet in het verspreiden van de islam. Zo zei de ex-mufti van de provincie J\u012bzan (zuidelijke deel van Saudi Arabi\u00eb) A\u1e25mad an-Najmiyy: &#8220;Moge All\u0101h meer van zijn soort doen voortbrengen.&#8221; Tevens heeft hij ook ij\u0101za gekregen \u2013 een soort offici\u00eble toestemming om te mogen overleveren \u2013 van o.a. de uit Ethiopi\u00eb afkomstige grootgeleerde Mu\u1e25ammad bin \u02bfAliyy bin \u0100dam al-Itiy\u016bbiyy die overigens nu woonachtig is in Mekka.<\/span><\/p>\n<p style=\"text-align: center;\"><span style=\"font-size: 18pt;\">Hij heeft op het moment van schrijven op zijn offici\u00eble site het nieuws naar buiten gebracht dat hij een overleveringsketen heeft tot al-Im\u0101m Muslim; het authentieke verzamelingswerk van al-Im\u0101m Muslim (\u1e62a\u1e25\u012b\u1e25 Muslim) heeft hij jaren geleden gememoriseerd.<\/span><\/p>\n<p style=\"text-align: center;\"><span style=\"font-size: 18pt;\">\u25fe\ufe0fZijn boeken en inspanningen in het oproepen naar All\u0101h \ufdfb<\/span><\/p>\n<p style=\"text-align: center;\"><span style=\"font-size: 18pt;\">Hij is erg actief in het oproepen naar All\u0101h \ufdfb en heeft ondertussen vele landen hiervoor bezocht, zoals Algerije, India, Malediven, Tanzania en andere gebieden. Daarnaast is hij ook veel bezig met het uitbrengen van boeken en lessen in allerlei soorten islamwetenschappen. Een klein greepje uit zijn uitgebreide boekencollectie waarvan sommigen ook vertaald zijn naar verschillende talen:<\/span><\/p>\n<p style=\"text-align: center;\"><span style=\"font-size: 18pt;\">\u2022Mu\u02bfjamu al-Mu\u1e63\u1e6dala\u1e25\u0101t al-\u02bfA\u1e63riyyah over hedendaagse gebruikte terminologie\u00ebn en de link met de islamitische wetgeving.<\/span><br \/><span style=\"font-size: 18pt;\">\u2022Al-If\u1e63\u0101\u1e25 Bi Ba\u02bf\u1e0di \u0100d\u0101bi an-Nik\u0101\u1e25 over de etiketten van het huwelijk.<\/span><br \/><span style=\"font-size: 18pt;\">\u2022Ta\u1e25th\u012br al-\u02bfUqq\u0101l Min Fitnati al-Mas\u012b\u1e25 ad-Dajj\u0101l over de waarschuwing tegen Dajj\u0101l.<\/span><\/p>\n<p style=\"text-align: center;\"><span style=\"font-size: 18pt;\">\u25fe\ufe0fDe functie(s) die hij o.a. bekleedt<\/span><\/p>\n<p style=\"text-align: center;\"><span style=\"font-size: 18pt;\">Hij is veel bezig met het onderwijzen van mensen. Hij is ook een kenniscentrum begonnen genaamd &#8216;D\u0101ru al-\u1e24ad\u012bth&#8217; in de Sa\u1e25\u0101ba moskee gelegen in provincie al-Mahrah te Yemen waar hij momenteel lessen verzorgt in verschillende wetenschappen. Moge All\u0101h \ufdfb de Shaykh belonen en beschermen.<\/span><\/p>\n<p style=\"text-align: center;\"><span style=\"font-size: 18pt;\">\u203b\u203b\u203b<\/span><\/p>\n<p style=\"text-align: center;\"><span style=\"font-size: 18pt;\">\ud83d\udc64 Samengesteld uit verschillende bronnen door jullie broeder \u1e6c\u0101riq bin \u02bfAliyy B\u016bman\u1e63\u016br al-Am\u0101z\u012bghiyy al-Maghribiyy \u270d\ud83c\udffd<\/span><br \/><span style=\"font-size: 18pt;\">\ud83d\udcc6 Datum: 7 shaww\u0101l 1441NH &#8211; 30 mei 2020<\/span><\/p>\n","protected":false},"excerpt":{"rendered":"<p>Beknopte biografie van Shaykh \u02bfAbdul \u1e24am\u012bd al-\u1e24aj\u016briyy (\u062d\u0641\u0638\u0647 \u0627\u0644\u0644\u0647) \ud83c\uddfe\ud83c\uddea \u25fe\ufe0fZijn volledige naam Zijn naam is \u02bfAbdul \u1e24am\u012bd al-\u1e24aj\u016briyy az-Zu\u02bfkuriyy bijnaam: Ab\u016b Mu\u1e25ammad. \u25fe\ufe0fZijn geboorte Hij is geboren in de plaats \u1e24aj\u016br, in het dorp az-Zu\u02bf\u0101kirah gelegen in de provincie \u1e24ajjah te Yemen. Hij is geboren in de maand rama\u1e0d\u0101n van het jaar 1392NH wat [&hellip;]<\/p>\n","protected":false},"author":3,"featured_media":0,"comment_status":"open","ping_status":"open","sticky":false,"template":"","format":"standard","meta":{"jetpack_post_was_ever_published":false,"_jetpack_newsletter_access":"","_jetpack_dont_email_post_to_subs":false,"_jetpack_newsletter_tier_id":0,"_jetpack_memberships_contains_paywalled_content":false,"_jetpack_memberships_contains_paid_content":false,"footnotes":"","jetpack_publicize_message":"","jetpack_publicize_feature_enabled":true,"jetpack_social_post_already_shared":true,"jetpack_social_options":{"image_generator_settings":{"template":"highway","default_image_id":0,"font":"","enabled":false},"version":2}},"categories":[31],"tags":[],"class_list":["post-22804","post","type-post","status-publish","format-standard","hentry","category-31"],"jetpack_publicize_connections":[],"jetpack_featured_media_url":"","jetpack_sharing_enabled":true,"_links":{"self":[{"href":"https:\/\/alzoukory.com\/index.php?rest_route=\/wp\/v2\/posts\/22804","targetHints":{"allow":["GET"]}}],"collection":[{"href":"https:\/\/alzoukory.com\/index.php?rest_route=\/wp\/v2\/posts"}],"about":[{"href":"https:\/\/alzoukory.com\/index.php?rest_route=\/wp\/v2\/types\/post"}],"author":[{"embeddable":true,"href":"https:\/\/alzoukory.com\/index.php?rest_route=\/wp\/v2\/users\/3"}],"replies":[{"embeddable":true,"href":"https:\/\/alzoukory.com\/index.php?rest_route=%2Fwp%2Fv2%2Fcomments&post=22804"}],"version-history":[{"count":0,"href":"https:\/\/alzoukory.com\/index.php?rest_route=\/wp\/v2\/posts\/22804\/revisions"}],"wp:attachment":[{"href":"https:\/\/alzoukory.com\/index.php?rest_route=%2Fwp%2Fv2%2Fmedia&parent=22804"}],"wp:term":[{"taxonomy":"category","embeddable":true,"href":"https:\/\/alzoukory.com\/index.php?rest_route=%2Fwp%2Fv2%2Fcategories&post=22804"},{"taxonomy":"post_tag","embeddable":true,"href":"https:\/\/alzoukory.com\/index.php?rest_route=%2Fwp%2Fv2%2Ftags&post=22804"}],"curies":[{"name":"wp","href":"https:\/\/api.w.org\/{rel}","templated":true}]}}